{"id":123,"date":"2019-06-24T11:13:31","date_gmt":"2019-06-24T14:13:31","guid":{"rendered":"http:\/\/www.sbac.org.br\/valorizalab\/?p=123"},"modified":"2023-07-31T14:10:21","modified_gmt":"2023-07-31T17:10:21","slug":"ultimo-dia-do-46o-cbac-tem-como-pauta-a-valorizacao-dos-laboratorios","status":"publish","type":"post","link":"https:\/\/www.sbac.org.br\/examespelavida\/ultimo-dia-do-46o-cbac-tem-como-pauta-a-valorizacao-dos-laboratorios\/","title":{"rendered":"Dispon\u00edvel para Associado Empresarial e Profissionais   \u00daltimo dia do 46\u00ba CBAC tem como pauta a valoriza\u00e7\u00e3o dos laborat\u00f3rios"},"content":{"rendered":"<p><em><strong>F\u00f3rum Valoriza Lab marcou encerramento do evento, realizado em Belo Horizonte de 16 a 19 de junho<\/strong><\/em><\/p>\n<p>O que faz um laborat\u00f3rio ser reconhecido pela sociedade? Essa foi a reflex\u00e3o proposta pelo Valoriza Lab, F\u00f3rum de Valoriza\u00e7\u00e3o das An\u00e1lises Cl\u00ednicas, realizado no \u00faltimo dia do 46\u00ba Congresso Brasileiro de An\u00e1lises Cl\u00ednicas. O evento apresentou de que forma a compet\u00eancia e a \u00e9tica contribuem para a valoriza\u00e7\u00e3o do laborat\u00f3rio, assim como a qualidade dos exames e a humaniza\u00e7\u00e3o do atendimento ao consumidor.<\/p>\n<p>O presidente da Sbac, Dr. Luiz Fernando Barcelos, chamou a aten\u00e7\u00e3o para uma situa\u00e7\u00e3o comum nos laborat\u00f3rios de todo o Brasil. Para ele, a sociedade n\u00e3o tem condi\u00e7\u00f5es de reconhecer sozinha o valor dos exames laboratoriais e o quanto eles podem ser decisivos no diagn\u00f3stico e no tratamento. \u201cNa verdade, a sociedade nem tem obriga\u00e7\u00e3o de saber isso. N\u00f3s \u00e9 que temos que fazer isso chegar \u00e0s pessoas. Mas ser\u00e1 que n\u00f3s, os laborat\u00f3rios, tamb\u00e9m sabemos qual \u00e9 o nosso valor?\u201d, questionou.<\/p>\n<p>Ao falar sobre \u00e9tica e compet\u00eancia nos laborat\u00f3rios, o presidente do Congresso, Dr. Humberto Marques Tib\u00farcio, desmistificou a ideia de que laborat\u00f3rios s\u00e3o lugares onde se fazem exames. \u201cLaborat\u00f3rios s\u00e3o um neg\u00f3cio de gente cuidando de gente. Sa\u00fade n\u00e3o \u00e9 mercadoria, vida n\u00e3o \u00e9 neg\u00f3cio, dignidade n\u00e3o \u00e9 lucro. Somente se tivermos estes nortes bem definidos \u00e9 que vamos conseguir usufruir da valoriza\u00e7\u00e3o que tanto almejamos\u201d.<\/p>\n<p>Durante o f\u00f3rum, o diretor executivo do portal Acelera Lab, Alexandre Ma\u00e7ada Andrade, detalhou os elementos que levam \u00e0 valoriza\u00e7\u00e3o laboratorial. Em primeiro lugar, segundo ele, \u00e9 preciso conhecer profundamente as necessidades e o perfil do cliente do estabelecimento. Com base nessas respostas, o laborat\u00f3rio deve passar a oferecer exatamente o que o cliente procura. \u201cSe a maior parte dos atendimentos \u00e9 de gestantes e fam\u00edlias com crian\u00e7as, ter um espa\u00e7o kids \u00e9 um valor importante. Mas se a maior parte do p\u00fablico \u00e9 composto por pessoas que t\u00eam dificuldade de hor\u00e1rio, a agilidade e presteza s\u00e3o atributos mais valorizados. Tudo depende de quem \u00e9 o p\u00fablico que est\u00e1 sendo atendido\u201d, refor\u00e7ou o administrador.<\/p>\n<p>De acordo com Alexandre, tendo estabelecido os valores, \u00e9 fundamental comunic\u00e1-los pelos meios corretos e pelas formas adequadas ao consumidor final. \u201cSe o paciente n\u00e3o conseguir perceber valor no laborat\u00f3rio, ele vai continuar procurando somente pelo pre\u00e7o. O pre\u00e7o s\u00f3 come\u00e7a a ser percebido como justo quando os benef\u00edcios encontrados superam o quanto eles custam\u201d, pontua.<\/p>\n<p><img loading=\"lazy\" decoding=\"async\" class=\"wp-image-127 aligncenter\" src=\"http:\/\/www.sbac.org.br\/valorizalab\/wp-content\/uploads\/sites\/2\/2019\/06\/valorizalab_2.png\" alt=\"\" width=\"610\" height=\"407\" srcset=\"https:\/\/www.sbac.org.br\/examespelavida\/wp-content\/uploads\/sites\/2\/2019\/06\/valorizalab_2.png 1052w, https:\/\/www.sbac.org.br\/examespelavida\/wp-content\/uploads\/sites\/2\/2019\/06\/valorizalab_2-300x200.png 300w, https:\/\/www.sbac.org.br\/examespelavida\/wp-content\/uploads\/sites\/2\/2019\/06\/valorizalab_2-768x512.png 768w, https:\/\/www.sbac.org.br\/examespelavida\/wp-content\/uploads\/sites\/2\/2019\/06\/valorizalab_2-1024x683.png 1024w, https:\/\/www.sbac.org.br\/examespelavida\/wp-content\/uploads\/sites\/2\/2019\/06\/valorizalab_2-270x180.png 270w\" sizes=\"auto, (max-width: 610px) 100vw, 610px\" \/><\/p>\n<p>Valoriza\u00e7\u00e3o para todos<\/p>\n<p>A fim de fomentar a valoriza\u00e7\u00e3o dos laborat\u00f3rios de An\u00e1lises Cl\u00ednicas no Brasil, o Dr. Luiz Fernando Barcelos anunciou uma nova parceria feita com o portal Acelera Lab. A estrat\u00e9gia possui duas frentes: lan\u00e7ar para a m\u00eddia nacional campanhas que reforcem a import\u00e2ncia dos exames laboratoriais na vida das pessoas, distribuindo este conte\u00fado tamb\u00e9m no meio digital; e oferecer, gratuitamente, materiais digitais relevantes para os clientes aos laborat\u00f3rios associados \u00e0 SBAC, permitindo que eles acrescentem a sua marca ao conte\u00fado e disparem nos seus canais de comunica\u00e7\u00e3o.<\/p>\n<p>A expectativa, segundo o presidente da Sbac, \u00e9 que esse movimento comece a transformar a mentalidade n\u00e3o s\u00f3 do p\u00fablico final, mas tamb\u00e9m das pessoas que atuam nos laborat\u00f3rios. Para ter acesso a este conte\u00fado exclusivo, \u00e9 preciso que o laborat\u00f3rio seja associado \u00e0 Sbac.<\/p>\n<p>\u201cA tecnologia tem trazido muitos avan\u00e7os, \u00e9 verdade. Mas n\u00f3s n\u00e3o devemos nos esquecer de que no laborat\u00f3rio est\u00e1 o material biol\u00f3gico do paciente. A pessoa mais poderosa na presta\u00e7\u00e3o de servi\u00e7o \u00e9 o cliente, ele tem o poder de demitir todo o laborat\u00f3rio se resolver n\u00e3o voltar. Estamos deixando uma pessoa que tem esse n\u00edvel de poder sendo atendida por outras pessoas sem preparo. Como buscar valoriza\u00e7\u00e3o dessa maneira? Precisamos encarar os fatos e admitir que ainda temos muito o que melhorar. A Sbac tem procurado fazer a sua parte. Cabe aos laborat\u00f3rios se engajarem nessa causa conosco\u201d, convocou Dr. Barcelos.<\/p>\n<p>&nbsp;<\/p>\n<p><img loading=\"lazy\" decoding=\"async\" class=\"wp-image-125 aligncenter\" src=\"http:\/\/www.sbac.org.br\/valorizalab\/wp-content\/uploads\/sites\/2\/2019\/06\/valorizalab_3.png\" alt=\"\" width=\"618\" height=\"427\" srcset=\"https:\/\/www.sbac.org.br\/examespelavida\/wp-content\/uploads\/sites\/2\/2019\/06\/valorizalab_3.png 933w, https:\/\/www.sbac.org.br\/examespelavida\/wp-content\/uploads\/sites\/2\/2019\/06\/valorizalab_3-300x207.png 300w, https:\/\/www.sbac.org.br\/examespelavida\/wp-content\/uploads\/sites\/2\/2019\/06\/valorizalab_3-768x531.png 768w\" sizes=\"auto, (max-width: 618px) 100vw, 618px\" \/><\/p>\n","protected":false},"excerpt":{"rendered":"<p>F\u00f3rum Valoriza Lab marcou encerramento do evento, realizado em Belo Horizonte de 16 a 19 de junho O que faz um laborat\u00f3rio ser reconhecido pela sociedade? Essa foi a reflex\u00e3o proposta pelo Valoriza Lab, F\u00f3rum de Valoriza\u00e7\u00e3o das An\u00e1lises Cl\u00ednicas, realizado no \u00faltimo dia do 46\u00ba Congresso Brasileiro de An\u00e1lises Cl\u00ednicas. O evento apresentou de [&hellip;]<\/p>\n","protected":false},"author":1,"featured_media":126,"comment_status":"open","ping_status":"open","sticky":false,"template":"","format":"standard","meta":{"inline_featured_image":false,"footnotes":""},"categories":[1],"tags":[],"class_list":["post-123","post","type-post","status-publish","format-standard","has-post-thumbnail","hentry","category-sem-categoria"],"_links":{"self":[{"href":"https:\/\/www.sbac.org.br\/examespelavida\/wp-json\/wp\/v2\/posts\/123","targetHints":{"allow":["GET"]}}],"collection":[{"href":"https:\/\/www.sbac.org.br\/examespelavida\/wp-json\/wp\/v2\/posts"}],"about":[{"href":"https:\/\/www.sbac.org.br\/examespelavida\/wp-json\/wp\/v2\/types\/post"}],"author":[{"embeddable":true,"href":"https:\/\/www.sbac.org.br\/examespelavida\/wp-json\/wp\/v2\/users\/1"}],"replies":[{"embeddable":true,"href":"https:\/\/www.sbac.org.br\/examespelavida\/wp-json\/wp\/v2\/comments?post=123"}],"version-history":[{"count":5,"href":"https:\/\/www.sbac.org.br\/examespelavida\/wp-json\/wp\/v2\/posts\/123\/revisions"}],"predecessor-version":[{"id":936,"href":"https:\/\/www.sbac.org.br\/examespelavida\/wp-json\/wp\/v2\/posts\/123\/revisions\/936"}],"wp:featuredmedia":[{"embeddable":true,"href":"https:\/\/www.sbac.org.br\/examespelavida\/wp-json\/wp\/v2\/media\/126"}],"wp:attachment":[{"href":"https:\/\/www.sbac.org.br\/examespelavida\/wp-json\/wp\/v2\/media?parent=123"}],"wp:term":[{"taxonomy":"category","embeddable":true,"href":"https:\/\/www.sbac.org.br\/examespelavida\/wp-json\/wp\/v2\/categories?post=123"},{"taxonomy":"post_tag","embeddable":true,"href":"https:\/\/www.sbac.org.br\/examespelavida\/wp-json\/wp\/v2\/tags?post=123"}],"curies":[{"name":"wp","href":"https:\/\/api.w.org\/{rel}","templated":true}]}}